{"id":403,"date":"2026-01-29T21:02:09","date_gmt":"2026-01-30T00:02:09","guid":{"rendered":"https:\/\/olegario.uno\/index.php\/2026\/01\/29\/interventores-del-pj-detallaron-el-proceso-de-normalizacion-del-partido-justicialista-de-misiones\/"},"modified":"2026-01-29T21:02:09","modified_gmt":"2026-01-30T00:02:09","slug":"interventores-del-pj-detallaron-el-proceso-de-normalizacion-del-partido-justicialista-de-misiones","status":"publish","type":"post","link":"https:\/\/olegario.uno\/index.php\/2026\/01\/29\/interventores-del-pj-detallaron-el-proceso-de-normalizacion-del-partido-justicialista-de-misiones\/","title":{"rendered":"Interventores del PJ detallaron el proceso de normalizaci\u00f3n del Partido Justicialista de Misiones"},"content":{"rendered":"<div>\n<div>\n<p><strong><a href=\"https:\/\/agenciamisiones.uno\/\">AGENCIA MISIONES.UNO<\/a> |<\/strong> <strong>En una conferencia de prensa realizada el 27 de enero, los interventores del Partido Justicialista de Misiones, Gustavo Arrieta y M\u00e1ximo Rodr\u00edguez, expusieron los fundamentos de la intervenci\u00f3n y presentaron el cronograma del proceso de normalizaci\u00f3n dispuesto por el PJ Nacional.<\/strong><\/p>\n<hr>\n<p>Durante el encuentro, los interventores se\u00f1alaron que la medida responde a una resoluci\u00f3n del Congreso Nacional del Partido Justicialista y de su presidenta, Cristina Fern\u00e1ndez de Kirchner, y afirmaron que las acciones institucionales se inscriben en la defensa de la democracia plena y sin proscripciones pol\u00edticas. En ese marco, denunciaron un contexto de persecuci\u00f3n judicial y medi\u00e1tica que, seg\u00fan indicaron, afecta el derecho de la ciudadan\u00eda a elegir libremente a sus representantes.<\/p>\n<p>Arrieta y Rodr\u00edguez expusieron que el PJ de Misiones atraves\u00f3 en las \u00faltimas dos d\u00e9cadas un proceso de degradaci\u00f3n institucional, fragmentaci\u00f3n pol\u00edtica y p\u00e9rdida de democracia interna, lo que deriv\u00f3 en la vulneraci\u00f3n de derechos de los afiliados y en un rol subordinado del partido. En ese sentido, explicaron que la intervenci\u00f3n tiene como objetivo central recuperar la institucionalidad partidaria, garantizar la participaci\u00f3n interna y reconstruir una conducci\u00f3n leg\u00edtima surgida del voto de los afiliados.<\/p>\n<p>En la conferencia se anunci\u00f3 el inicio del proceso electoral interno, que culminar\u00e1 con las elecciones del 19 de abril de 2026 en los 79 municipios de la provincia. Se detall\u00f3 un cronograma que incluye la publicaci\u00f3n de padrones partidarios, la conformaci\u00f3n de la Junta Electoral, la presentaci\u00f3n de listas y la realizaci\u00f3n de los comicios, bajo reglas establecidas y con garant\u00edas de transparencia. Finalmente, los interventores indicaron que la intervenci\u00f3n concluir\u00e1 con la entrega del partido a las autoridades electas, restituyendo al Partido Justicialista de Misiones su rol institucional y pol\u00edtico.<\/p>\n<p><img fetchpriority=\"high\" decoding=\"async\" class=\"aligncenter size-full wp-image-11802\" src=\"https:\/\/olegario.uno\/wp-content\/uploads\/2026\/01\/PJ3.jpg\" alt=\"\" width=\"640\" height=\"800\" srcset=\"https:\/\/misiones.uno\/wp-content\/uploads\/2026\/01\/PJ3-200x250.jpg 200w, https:\/\/misiones.uno\/wp-content\/uploads\/2026\/01\/PJ3-240x300.jpg 240w, https:\/\/misiones.uno\/wp-content\/uploads\/2026\/01\/PJ3-400x500.jpg 400w, https:\/\/misiones.uno\/wp-content\/uploads\/2026\/01\/PJ3-600x750.jpg 600w, https:\/\/misiones.uno\/wp-content\/uploads\/2026\/01\/PJ3.jpg 640w\" sizes=\"(max-width: 640px) 100vw, 640px\"><\/p>\n<p>Fuente: <a href=\"https:\/\/agenciamisiones.uno\/\">AM \u2013 Agencia Misiones<\/a>.<br \/>\n<a href=\"https:\/\/agenciamisiones.uno\/interventores-del-pj-detallaron-el-proceso-de-normalizacion-del-partido-justicialista-de-misiones\/\">Interventores del PJ detallaron el proceso de normalizaci\u00f3n del Partido Justicialista de Misiones<\/a><\/p>\n<\/div>\n<\/div>\n","protected":false},"excerpt":{"rendered":"<p>AGENCIA MISIONES.UNO | En una conferencia de prensa realizada el  [&#8230;]<\/p>\n","protected":false},"author":1,"featured_media":404,"comment_status":"closed","ping_status":"closed","sticky":false,"template":"","format":"standard","meta":{"fifu_image_url":"","fifu_image_alt":"","footnotes":""},"categories":[6,59,60],"tags":[],"class_list":["post-403","post","type-post","status-publish","format-standard","has-post-thumbnail","hentry","category-misiones-uno","category-partidos-politicos","category-politica"],"acf":[],"yoast_head":"<!-- This site is optimized with the Yoast SEO plugin v26.8 - https:\/\/yoast.com\/product\/yoast-seo-wordpress\/ -->\n<title>Interventores del PJ detallaron el proceso de normalizaci\u00f3n del Partido Justicialista de Misiones - Olegario .UNO - Red Misiones.uno<\/title>\n<meta name=\"robots\" content=\"index, follow, max-snippet:-1, max-image-preview:large, max-video-preview:-1\" \/>\n<link rel=\"canonical\" href=\"https:\/\/olegario.uno\/index.php\/2026\/01\/29\/interventores-del-pj-detallaron-el-proceso-de-normalizacion-del-partido-justicialista-de-misiones\/\" \/>\n<meta property=\"og:locale\" content=\"es_ES\" \/>\n<meta property=\"og:type\" content=\"article\" \/>\n<meta property=\"og:title\" content=\"Interventores del PJ detallaron el proceso de normalizaci\u00f3n del Partido Justicialista de Misiones - Olegario .UNO - Red Misiones.uno\" \/>\n<meta property=\"og:description\" content=\"AGENCIA MISIONES.UNO | En una conferencia de prensa realizada el [...]\" \/>\n<meta property=\"og:url\" content=\"https:\/\/olegario.uno\/index.php\/2026\/01\/29\/interventores-del-pj-detallaron-el-proceso-de-normalizacion-del-partido-justicialista-de-misiones\/\" \/>\n<meta property=\"og:site_name\" content=\"Olegario .UNO - Red Misiones.uno\" \/>\n<meta property=\"article:published_time\" content=\"2026-01-30T00:02:09+00:00\" \/>\n<meta name=\"author\" content=\"admin\" \/>\n<meta name=\"twitter:card\" content=\"summary_large_image\" \/>\n<meta name=\"twitter:label1\" content=\"Escrito por\" \/>\n\t<meta name=\"twitter:data1\" content=\"admin\" \/>\n\t<meta name=\"twitter:label2\" content=\"Tiempo de lectura\" \/>\n\t<meta name=\"twitter:data2\" content=\"2 minutos\" \/>\n<script type=\"application\/ld+json\" class=\"yoast-schema-graph\">{\"@context\":\"https:\/\/schema.org\",\"@graph\":[{\"@type\":\"Article\",\"@id\":\"https:\/\/olegario.uno\/index.php\/2026\/01\/29\/interventores-del-pj-detallaron-el-proceso-de-normalizacion-del-partido-justicialista-de-misiones\/#article\",\"isPartOf\":{\"@id\":\"https:\/\/olegario.uno\/index.php\/2026\/01\/29\/interventores-del-pj-detallaron-el-proceso-de-normalizacion-del-partido-justicialista-de-misiones\/\"},\"author\":{\"name\":\"admin\",\"@id\":\"https:\/\/olegario.uno\/#\/schema\/person\/7d80468eef6faf8ab664f300f7bd700c\"},\"headline\":\"Interventores del PJ detallaron el proceso de normalizaci\u00f3n del Partido Justicialista de Misiones\",\"datePublished\":\"2026-01-30T00:02:09+00:00\",\"mainEntityOfPage\":{\"@id\":\"https:\/\/olegario.uno\/index.php\/2026\/01\/29\/interventores-del-pj-detallaron-el-proceso-de-normalizacion-del-partido-justicialista-de-misiones\/\"},\"wordCount\":341,\"image\":{\"@id\":\"https:\/\/olegario.uno\/index.php\/2026\/01\/29\/interventores-del-pj-detallaron-el-proceso-de-normalizacion-del-partido-justicialista-de-misiones\/#primaryimage\"},\"thumbnailUrl\":\"https:\/\/olegario.uno\/wp-content\/uploads\/2026\/01\/PJ3.jpg\",\"articleSection\":[\"MISIONES.UNO\",\"Partidos Pol\u00edticos\",\"Pol\u00edtica\"],\"inLanguage\":\"es-AR\"},{\"@type\":\"WebPage\",\"@id\":\"https:\/\/olegario.uno\/index.php\/2026\/01\/29\/interventores-del-pj-detallaron-el-proceso-de-normalizacion-del-partido-justicialista-de-misiones\/\",\"url\":\"https:\/\/olegario.uno\/index.php\/2026\/01\/29\/interventores-del-pj-detallaron-el-proceso-de-normalizacion-del-partido-justicialista-de-misiones\/\",\"name\":\"Interventores del PJ detallaron el proceso de normalizaci\u00f3n del Partido Justicialista de Misiones - Olegario .UNO - Red Misiones.uno\",\"isPartOf\":{\"@id\":\"https:\/\/olegario.uno\/#website\"},\"primaryImageOfPage\":{\"@id\":\"https:\/\/olegario.uno\/index.php\/2026\/01\/29\/interventores-del-pj-detallaron-el-proceso-de-normalizacion-del-partido-justicialista-de-misiones\/#primaryimage\"},\"image\":{\"@id\":\"https:\/\/olegario.uno\/index.php\/2026\/01\/29\/interventores-del-pj-detallaron-el-proceso-de-normalizacion-del-partido-justicialista-de-misiones\/#primaryimage\"},\"thumbnailUrl\":\"https:\/\/olegario.uno\/wp-content\/uploads\/2026\/01\/PJ3.jpg\",\"datePublished\":\"2026-01-30T00:02:09+00:00\",\"author\":{\"@id\":\"https:\/\/olegario.uno\/#\/schema\/person\/7d80468eef6faf8ab664f300f7bd700c\"},\"breadcrumb\":{\"@id\":\"https:\/\/olegario.uno\/index.php\/2026\/01\/29\/interventores-del-pj-detallaron-el-proceso-de-normalizacion-del-partido-justicialista-de-misiones\/#breadcrumb\"},\"inLanguage\":\"es-AR\",\"potentialAction\":[{\"@type\":\"ReadAction\",\"target\":[\"https:\/\/olegario.uno\/index.php\/2026\/01\/29\/interventores-del-pj-detallaron-el-proceso-de-normalizacion-del-partido-justicialista-de-misiones\/\"]}]},{\"@type\":\"ImageObject\",\"inLanguage\":\"es-AR\",\"@id\":\"https:\/\/olegario.uno\/index.php\/2026\/01\/29\/interventores-del-pj-detallaron-el-proceso-de-normalizacion-del-partido-justicialista-de-misiones\/#primaryimage\",\"url\":\"https:\/\/olegario.uno\/wp-content\/uploads\/2026\/01\/PJ3.jpg\",\"contentUrl\":\"https:\/\/olegario.uno\/wp-content\/uploads\/2026\/01\/PJ3.jpg\",\"width\":640,\"height\":800},{\"@type\":\"BreadcrumbList\",\"@id\":\"https:\/\/olegario.uno\/index.php\/2026\/01\/29\/interventores-del-pj-detallaron-el-proceso-de-normalizacion-del-partido-justicialista-de-misiones\/#breadcrumb\",\"itemListElement\":[{\"@type\":\"ListItem\",\"position\":1,\"name\":\"Inicio\",\"item\":\"https:\/\/olegario.uno\/\"},{\"@type\":\"ListItem\",\"position\":2,\"name\":\"Interventores del PJ detallaron el proceso de normalizaci\u00f3n del Partido Justicialista de Misiones\"}]},{\"@type\":\"WebSite\",\"@id\":\"https:\/\/olegario.uno\/#website\",\"url\":\"https:\/\/olegario.uno\/\",\"name\":\"Olegario .UNO - Red Misiones.uno\",\"description\":\"Noticias de Olegario V\u00edctor Andrade\",\"potentialAction\":[{\"@type\":\"SearchAction\",\"target\":{\"@type\":\"EntryPoint\",\"urlTemplate\":\"https:\/\/olegario.uno\/?s={search_term_string}\"},\"query-input\":{\"@type\":\"PropertyValueSpecification\",\"valueRequired\":true,\"valueName\":\"search_term_string\"}}],\"inLanguage\":\"es-AR\"},{\"@type\":\"Person\",\"@id\":\"https:\/\/olegario.uno\/#\/schema\/person\/7d80468eef6faf8ab664f300f7bd700c\",\"name\":\"admin\",\"image\":{\"@type\":\"ImageObject\",\"inLanguage\":\"es-AR\",\"@id\":\"https:\/\/olegario.uno\/#\/schema\/person\/image\/\",\"url\":\"https:\/\/secure.gravatar.com\/avatar\/988cc68d97727f2265e15e4e04f35d45d93f5493d81192c37b6fcdf6407dba8c?s=96&d=mm&r=g\",\"contentUrl\":\"https:\/\/secure.gravatar.com\/avatar\/988cc68d97727f2265e15e4e04f35d45d93f5493d81192c37b6fcdf6407dba8c?s=96&d=mm&r=g\",\"caption\":\"admin\"},\"sameAs\":[\"http:\/\/olegario.uno\"],\"url\":\"https:\/\/olegario.uno\/index.php\/author\/admin\/\"}]}<\/script>\n<!-- \/ Yoast SEO plugin. -->","yoast_head_json":{"title":"Interventores del PJ detallaron el proceso de normalizaci\u00f3n del Partido Justicialista de Misiones - Olegario .UNO - Red Misiones.uno","robots":{"index":"index","follow":"follow","max-snippet":"max-snippet:-1","max-image-preview":"max-image-preview:large","max-video-preview":"max-video-preview:-1"},"canonical":"https:\/\/olegario.uno\/index.php\/2026\/01\/29\/interventores-del-pj-detallaron-el-proceso-de-normalizacion-del-partido-justicialista-de-misiones\/","og_locale":"es_ES","og_type":"article","og_title":"Interventores del PJ detallaron el proceso de normalizaci\u00f3n del Partido Justicialista de Misiones - Olegario .UNO - Red Misiones.uno","og_description":"AGENCIA MISIONES.UNO | En una conferencia de prensa realizada el [...]","og_url":"https:\/\/olegario.uno\/index.php\/2026\/01\/29\/interventores-del-pj-detallaron-el-proceso-de-normalizacion-del-partido-justicialista-de-misiones\/","og_site_name":"Olegario .UNO - Red Misiones.uno","article_published_time":"2026-01-30T00:02:09+00:00","author":"admin","twitter_card":"summary_large_image","twitter_misc":{"Escrito por":"admin","Tiempo de lectura":"2 minutos"},"schema":{"@context":"https:\/\/schema.org","@graph":[{"@type":"Article","@id":"https:\/\/olegario.uno\/index.php\/2026\/01\/29\/interventores-del-pj-detallaron-el-proceso-de-normalizacion-del-partido-justicialista-de-misiones\/#article","isPartOf":{"@id":"https:\/\/olegario.uno\/index.php\/2026\/01\/29\/interventores-del-pj-detallaron-el-proceso-de-normalizacion-del-partido-justicialista-de-misiones\/"},"author":{"name":"admin","@id":"https:\/\/olegario.uno\/#\/schema\/person\/7d80468eef6faf8ab664f300f7bd700c"},"headline":"Interventores del PJ detallaron el proceso de normalizaci\u00f3n del Partido Justicialista de Misiones","datePublished":"2026-01-30T00:02:09+00:00","mainEntityOfPage":{"@id":"https:\/\/olegario.uno\/index.php\/2026\/01\/29\/interventores-del-pj-detallaron-el-proceso-de-normalizacion-del-partido-justicialista-de-misiones\/"},"wordCount":341,"image":{"@id":"https:\/\/olegario.uno\/index.php\/2026\/01\/29\/interventores-del-pj-detallaron-el-proceso-de-normalizacion-del-partido-justicialista-de-misiones\/#primaryimage"},"thumbnailUrl":"https:\/\/olegario.uno\/wp-content\/uploads\/2026\/01\/PJ3.jpg","articleSection":["MISIONES.UNO","Partidos Pol\u00edticos","Pol\u00edtica"],"inLanguage":"es-AR"},{"@type":"WebPage","@id":"https:\/\/olegario.uno\/index.php\/2026\/01\/29\/interventores-del-pj-detallaron-el-proceso-de-normalizacion-del-partido-justicialista-de-misiones\/","url":"https:\/\/olegario.uno\/index.php\/2026\/01\/29\/interventores-del-pj-detallaron-el-proceso-de-normalizacion-del-partido-justicialista-de-misiones\/","name":"Interventores del PJ detallaron el proceso de normalizaci\u00f3n del Partido Justicialista de Misiones - Olegario .UNO - Red Misiones.uno","isPartOf":{"@id":"https:\/\/olegario.uno\/#website"},"primaryImageOfPage":{"@id":"https:\/\/olegario.uno\/index.php\/2026\/01\/29\/interventores-del-pj-detallaron-el-proceso-de-normalizacion-del-partido-justicialista-de-misiones\/#primaryimage"},"image":{"@id":"https:\/\/olegario.uno\/index.php\/2026\/01\/29\/interventores-del-pj-detallaron-el-proceso-de-normalizacion-del-partido-justicialista-de-misiones\/#primaryimage"},"thumbnailUrl":"https:\/\/olegario.uno\/wp-content\/uploads\/2026\/01\/PJ3.jpg","datePublished":"2026-01-30T00:02:09+00:00","author":{"@id":"https:\/\/olegario.uno\/#\/schema\/person\/7d80468eef6faf8ab664f300f7bd700c"},"breadcrumb":{"@id":"https:\/\/olegario.uno\/index.php\/2026\/01\/29\/interventores-del-pj-detallaron-el-proceso-de-normalizacion-del-partido-justicialista-de-misiones\/#breadcrumb"},"inLanguage":"es-AR","potentialAction":[{"@type":"ReadAction","target":["https:\/\/olegario.uno\/index.php\/2026\/01\/29\/interventores-del-pj-detallaron-el-proceso-de-normalizacion-del-partido-justicialista-de-misiones\/"]}]},{"@type":"ImageObject","inLanguage":"es-AR","@id":"https:\/\/olegario.uno\/index.php\/2026\/01\/29\/interventores-del-pj-detallaron-el-proceso-de-normalizacion-del-partido-justicialista-de-misiones\/#primaryimage","url":"https:\/\/olegario.uno\/wp-content\/uploads\/2026\/01\/PJ3.jpg","contentUrl":"https:\/\/olegario.uno\/wp-content\/uploads\/2026\/01\/PJ3.jpg","width":640,"height":800},{"@type":"BreadcrumbList","@id":"https:\/\/olegario.uno\/index.php\/2026\/01\/29\/interventores-del-pj-detallaron-el-proceso-de-normalizacion-del-partido-justicialista-de-misiones\/#breadcrumb","itemListElement":[{"@type":"ListItem","position":1,"name":"Inicio","item":"https:\/\/olegario.uno\/"},{"@type":"ListItem","position":2,"name":"Interventores del PJ detallaron el proceso de normalizaci\u00f3n del Partido Justicialista de Misiones"}]},{"@type":"WebSite","@id":"https:\/\/olegario.uno\/#website","url":"https:\/\/olegario.uno\/","name":"Olegario .UNO - Red Misiones.uno","description":"Noticias de Olegario V\u00edctor Andrade","potentialAction":[{"@type":"SearchAction","target":{"@type":"EntryPoint","urlTemplate":"https:\/\/olegario.uno\/?s={search_term_string}"},"query-input":{"@type":"PropertyValueSpecification","valueRequired":true,"valueName":"search_term_string"}}],"inLanguage":"es-AR"},{"@type":"Person","@id":"https:\/\/olegario.uno\/#\/schema\/person\/7d80468eef6faf8ab664f300f7bd700c","name":"admin","image":{"@type":"ImageObject","inLanguage":"es-AR","@id":"https:\/\/olegario.uno\/#\/schema\/person\/image\/","url":"https:\/\/secure.gravatar.com\/avatar\/988cc68d97727f2265e15e4e04f35d45d93f5493d81192c37b6fcdf6407dba8c?s=96&d=mm&r=g","contentUrl":"https:\/\/secure.gravatar.com\/avatar\/988cc68d97727f2265e15e4e04f35d45d93f5493d81192c37b6fcdf6407dba8c?s=96&d=mm&r=g","caption":"admin"},"sameAs":["http:\/\/olegario.uno"],"url":"https:\/\/olegario.uno\/index.php\/author\/admin\/"}]}},"_links":{"self":[{"href":"https:\/\/olegario.uno\/index.php\/wp-json\/wp\/v2\/posts\/403","targetHints":{"allow":["GET"]}}],"collection":[{"href":"https:\/\/olegario.uno\/index.php\/wp-json\/wp\/v2\/posts"}],"about":[{"href":"https:\/\/olegario.uno\/index.php\/wp-json\/wp\/v2\/types\/post"}],"author":[{"embeddable":true,"href":"https:\/\/olegario.uno\/index.php\/wp-json\/wp\/v2\/users\/1"}],"replies":[{"embeddable":true,"href":"https:\/\/olegario.uno\/index.php\/wp-json\/wp\/v2\/comments?post=403"}],"version-history":[{"count":0,"href":"https:\/\/olegario.uno\/index.php\/wp-json\/wp\/v2\/posts\/403\/revisions"}],"wp:featuredmedia":[{"embeddable":true,"href":"https:\/\/olegario.uno\/index.php\/wp-json\/wp\/v2\/media\/404"}],"wp:attachment":[{"href":"https:\/\/olegario.uno\/index.php\/wp-json\/wp\/v2\/media?parent=403"}],"wp:term":[{"taxonomy":"category","embeddable":true,"href":"https:\/\/olegario.uno\/index.php\/wp-json\/wp\/v2\/categories?post=403"},{"taxonomy":"post_tag","embeddable":true,"href":"https:\/\/olegario.uno\/index.php\/wp-json\/wp\/v2\/tags?post=403"}],"curies":[{"name":"wp","href":"https:\/\/api.w.org\/{rel}","templated":true}]}}