{"id":511,"date":"2026-02-02T10:37:57","date_gmt":"2026-02-02T13:37:57","guid":{"rendered":"https:\/\/olegario.uno\/index.php\/2026\/02\/02\/eldorado-se-realizo-la-audiencia-publica-por-la-actualizacion-del-boleto-del-transporte-urbano\/"},"modified":"2026-02-02T10:37:57","modified_gmt":"2026-02-02T13:37:57","slug":"eldorado-se-realizo-la-audiencia-publica-por-la-actualizacion-del-boleto-del-transporte-urbano","status":"publish","type":"post","link":"https:\/\/olegario.uno\/index.php\/2026\/02\/02\/eldorado-se-realizo-la-audiencia-publica-por-la-actualizacion-del-boleto-del-transporte-urbano\/","title":{"rendered":"Eldorado: se realiz\u00f3 la audiencia p\u00fablica por la actualizaci\u00f3n del boleto del transporte urbano"},"content":{"rendered":"<div>\n<div>\n<p><strong><a href=\"https:\/\/agenciamisiones.uno\/\">AGENCIA MISIONES.UNO<\/a> | El Concejo Deliberante de Eldorado llev\u00f3 adelante una audiencia p\u00fablica para tratar la solicitud de actualizaci\u00f3n del precio del boleto del transporte urbano de pasajeros, en el marco de lo establecido por la normativa vigente.<\/strong><\/p>\n<hr>\n<p>La audiencia se inici\u00f3 a las 08:00 horas y fue convocada a partir de una presentaci\u00f3n realizada por la empresa prestataria del servicio p\u00fablico de transporte urbano, conforme a la resoluci\u00f3n 001\/2026, expediente N001, folio 215 del corriente a\u00f1o. La instancia se desarroll\u00f3 en cumplimiento de la Ordenanza N.\u00ba 173\/2018, que reglamenta el mecanismo de audiencias p\u00fablicas para expedientes de relevancia comunitaria, como la fijaci\u00f3n de tarifas de servicios p\u00fablicos.<\/p>\n<p>Durante la apertura se remarc\u00f3 que la audiencia no constituye una instancia de decisi\u00f3n, sino un \u00e1mbito institucional de escucha, consulta y registro de opiniones. En ese sentido, el Concejo Deliberante puso a disposici\u00f3n de los asistentes la documentaci\u00f3n correspondiente al expediente, junto con informaci\u00f3n p\u00fablica de contexto econ\u00f3mico y normativo vinculada al transporte p\u00fablico de pasajeros, sin que ello implicara an\u00e1lisis t\u00e9cnico ni adelanto de resoluciones.<\/p>\n<p>En el encuentro participaron representantes de la empresa prestataria y vecinos de distintos barrios de la ciudad, quienes expusieron sobre la situaci\u00f3n actual del servicio y manifestaron su postura respecto a la actualizaci\u00f3n tarifaria. Los oradores expresaron preocupaci\u00f3n por la prestaci\u00f3n del servicio, acompa\u00f1ando el planteo de aumento del boleto en la medida en que se produzcan mejoras visibles en la calidad del transporte.<\/p>\n<p>La audiencia cont\u00f3 con un total de nueve oradores y la participaci\u00f3n de los siete concejales de la ciudad de Eldorado, finalizando a las 09:47 horas. Todas las manifestaciones fueron incorporadas al expediente para su posterior tratamiento.<\/p>\n<p><img decoding=\"async\" class=\"aligncenter size-full wp-image-12296\" src=\"https:\/\/olegario.uno\/wp-content\/uploads\/2026\/02\/ELDO.jpg\" alt=\"\" width=\"640\" height=\"853\" srcset=\"https:\/\/misiones.uno\/wp-content\/uploads\/2026\/02\/ELDO-200x267.jpg 200w, https:\/\/misiones.uno\/wp-content\/uploads\/2026\/02\/ELDO-225x300.jpg 225w, https:\/\/misiones.uno\/wp-content\/uploads\/2026\/02\/ELDO-400x533.jpg 400w, https:\/\/misiones.uno\/wp-content\/uploads\/2026\/02\/ELDO-600x800.jpg 600w, https:\/\/misiones.uno\/wp-content\/uploads\/2026\/02\/ELDO.jpg 640w\" sizes=\"(max-width: 640px) 100vw, 640px\"><img decoding=\"async\" class=\"aligncenter size-full wp-image-3705\" src=\"https:\/\/olegario.uno\/wp-content\/uploads\/2026\/02\/ELDORADO2.jpg\" sizes=\"(max-width: 640px) 100vw, 640px\" srcset=\"https:\/\/agenciamisiones.uno\/wp-content\/uploads\/2026\/02\/ELDORADO2-200x267.jpg 200w, https:\/\/agenciamisiones.uno\/wp-content\/uploads\/2026\/02\/ELDORADO2-225x300.jpg 225w, https:\/\/agenciamisiones.uno\/wp-content\/uploads\/2026\/02\/ELDORADO2-400x533.jpg 400w, https:\/\/agenciamisiones.uno\/wp-content\/uploads\/2026\/02\/ELDORADO2-600x800.jpg 600w, https:\/\/olegario.uno\/wp-content\/uploads\/2026\/02\/ELDORADO2.jpg 640w\" alt=\"\" width=\"640\" height=\"853\"> <img decoding=\"async\" class=\"aligncenter size-full wp-image-3706\" src=\"https:\/\/olegario.uno\/wp-content\/uploads\/2026\/02\/ELDORADO1-1.jpg\" sizes=\"(max-width: 640px) 100vw, 640px\" srcset=\"https:\/\/agenciamisiones.uno\/wp-content\/uploads\/2026\/02\/ELDORADO1-1-200x267.jpg 200w, https:\/\/agenciamisiones.uno\/wp-content\/uploads\/2026\/02\/ELDORADO1-1-225x300.jpg 225w, https:\/\/agenciamisiones.uno\/wp-content\/uploads\/2026\/02\/ELDORADO1-1-400x533.jpg 400w, https:\/\/agenciamisiones.uno\/wp-content\/uploads\/2026\/02\/ELDORADO1-1-600x800.jpg 600w, https:\/\/olegario.uno\/wp-content\/uploads\/2026\/02\/ELDORADO1-1.jpg 640w\" alt=\"\" width=\"640\" height=\"853\"><\/p>\n<p>Fuente: <a href=\"https:\/\/agenciamisiones.uno\/\">AM \u2013 Agencia Misiones<\/a>.<br \/>\n<a href=\"https:\/\/agenciamisiones.uno\/eldorado-se-realizo-la-audiencia-publica-por-la-actualizacion-del-boleto-del-transporte-urbano\/\">Eldorado: se realiz\u00f3 la audiencia p\u00fablica por la actualizaci\u00f3n del boleto del transporte urbano<\/a><\/p>\n<\/div>\n<\/div>\n","protected":false},"excerpt":{"rendered":"<p>AGENCIA MISIONES.UNO | El Concejo Deliberante de Eldorado llev\u00f3 adelante  [&#8230;]<\/p>\n","protected":false},"author":1,"featured_media":512,"comment_status":"closed","ping_status":"closed","sticky":false,"template":"","format":"standard","meta":{"fifu_image_url":"","fifu_image_alt":"","footnotes":""},"categories":[16,102,107,6,88],"tags":[],"class_list":["post-511","post","type-post","status-publish","format-standard","has-post-thumbnail","hentry","category-eldorado","category-ellegislativo-uno","category-h-concejos-deliberantes","category-misiones-uno","category-servicios-publicos"],"acf":[],"yoast_head":"<!-- This site is optimized with the Yoast SEO plugin v26.8 - https:\/\/yoast.com\/product\/yoast-seo-wordpress\/ -->\n<title>Eldorado: se realiz\u00f3 la audiencia p\u00fablica por la actualizaci\u00f3n del boleto del transporte urbano - Olegario .UNO - Red Misiones.uno<\/title>\n<meta name=\"robots\" content=\"index, follow, max-snippet:-1, max-image-preview:large, max-video-preview:-1\" \/>\n<link rel=\"canonical\" href=\"https:\/\/olegario.uno\/index.php\/2026\/02\/02\/eldorado-se-realizo-la-audiencia-publica-por-la-actualizacion-del-boleto-del-transporte-urbano\/\" \/>\n<meta property=\"og:locale\" content=\"es_ES\" \/>\n<meta property=\"og:type\" content=\"article\" \/>\n<meta property=\"og:title\" content=\"Eldorado: se realiz\u00f3 la audiencia p\u00fablica por la actualizaci\u00f3n del boleto del transporte urbano - Olegario .UNO - Red Misiones.uno\" \/>\n<meta property=\"og:description\" content=\"AGENCIA MISIONES.UNO | El Concejo Deliberante de Eldorado llev\u00f3 adelante [...]\" \/>\n<meta property=\"og:url\" content=\"https:\/\/olegario.uno\/index.php\/2026\/02\/02\/eldorado-se-realizo-la-audiencia-publica-por-la-actualizacion-del-boleto-del-transporte-urbano\/\" \/>\n<meta property=\"og:site_name\" content=\"Olegario .UNO - Red Misiones.uno\" \/>\n<meta property=\"article:published_time\" content=\"2026-02-02T13:37:57+00:00\" \/>\n<meta name=\"author\" content=\"admin\" \/>\n<meta name=\"twitter:card\" content=\"summary_large_image\" \/>\n<meta name=\"twitter:label1\" content=\"Escrito por\" \/>\n\t<meta name=\"twitter:data1\" content=\"admin\" \/>\n\t<meta name=\"twitter:label2\" content=\"Tiempo de lectura\" \/>\n\t<meta name=\"twitter:data2\" content=\"2 minutos\" \/>\n<script type=\"application\/ld+json\" class=\"yoast-schema-graph\">{\"@context\":\"https:\/\/schema.org\",\"@graph\":[{\"@type\":\"Article\",\"@id\":\"https:\/\/olegario.uno\/index.php\/2026\/02\/02\/eldorado-se-realizo-la-audiencia-publica-por-la-actualizacion-del-boleto-del-transporte-urbano\/#article\",\"isPartOf\":{\"@id\":\"https:\/\/olegario.uno\/index.php\/2026\/02\/02\/eldorado-se-realizo-la-audiencia-publica-por-la-actualizacion-del-boleto-del-transporte-urbano\/\"},\"author\":{\"name\":\"admin\",\"@id\":\"https:\/\/olegario.uno\/#\/schema\/person\/7d80468eef6faf8ab664f300f7bd700c\"},\"headline\":\"Eldorado: se realiz\u00f3 la audiencia p\u00fablica por la actualizaci\u00f3n del boleto del transporte urbano\",\"datePublished\":\"2026-02-02T13:37:57+00:00\",\"mainEntityOfPage\":{\"@id\":\"https:\/\/olegario.uno\/index.php\/2026\/02\/02\/eldorado-se-realizo-la-audiencia-publica-por-la-actualizacion-del-boleto-del-transporte-urbano\/\"},\"wordCount\":331,\"image\":{\"@id\":\"https:\/\/olegario.uno\/index.php\/2026\/02\/02\/eldorado-se-realizo-la-audiencia-publica-por-la-actualizacion-del-boleto-del-transporte-urbano\/#primaryimage\"},\"thumbnailUrl\":\"https:\/\/olegario.uno\/wp-content\/uploads\/2026\/02\/ELDO.jpg\",\"articleSection\":[\"Eldorado\",\"ELLEGISLATIVO.UNO\",\"H. Concejos Deliberantes\",\"MISIONES.UNO\",\"Servicios P\u00fablicos\"],\"inLanguage\":\"es-AR\"},{\"@type\":\"WebPage\",\"@id\":\"https:\/\/olegario.uno\/index.php\/2026\/02\/02\/eldorado-se-realizo-la-audiencia-publica-por-la-actualizacion-del-boleto-del-transporte-urbano\/\",\"url\":\"https:\/\/olegario.uno\/index.php\/2026\/02\/02\/eldorado-se-realizo-la-audiencia-publica-por-la-actualizacion-del-boleto-del-transporte-urbano\/\",\"name\":\"Eldorado: se realiz\u00f3 la audiencia p\u00fablica por la actualizaci\u00f3n del boleto del transporte urbano - Olegario .UNO - Red Misiones.uno\",\"isPartOf\":{\"@id\":\"https:\/\/olegario.uno\/#website\"},\"primaryImageOfPage\":{\"@id\":\"https:\/\/olegario.uno\/index.php\/2026\/02\/02\/eldorado-se-realizo-la-audiencia-publica-por-la-actualizacion-del-boleto-del-transporte-urbano\/#primaryimage\"},\"image\":{\"@id\":\"https:\/\/olegario.uno\/index.php\/2026\/02\/02\/eldorado-se-realizo-la-audiencia-publica-por-la-actualizacion-del-boleto-del-transporte-urbano\/#primaryimage\"},\"thumbnailUrl\":\"https:\/\/olegario.uno\/wp-content\/uploads\/2026\/02\/ELDO.jpg\",\"datePublished\":\"2026-02-02T13:37:57+00:00\",\"author\":{\"@id\":\"https:\/\/olegario.uno\/#\/schema\/person\/7d80468eef6faf8ab664f300f7bd700c\"},\"breadcrumb\":{\"@id\":\"https:\/\/olegario.uno\/index.php\/2026\/02\/02\/eldorado-se-realizo-la-audiencia-publica-por-la-actualizacion-del-boleto-del-transporte-urbano\/#breadcrumb\"},\"inLanguage\":\"es-AR\",\"potentialAction\":[{\"@type\":\"ReadAction\",\"target\":[\"https:\/\/olegario.uno\/index.php\/2026\/02\/02\/eldorado-se-realizo-la-audiencia-publica-por-la-actualizacion-del-boleto-del-transporte-urbano\/\"]}]},{\"@type\":\"ImageObject\",\"inLanguage\":\"es-AR\",\"@id\":\"https:\/\/olegario.uno\/index.php\/2026\/02\/02\/eldorado-se-realizo-la-audiencia-publica-por-la-actualizacion-del-boleto-del-transporte-urbano\/#primaryimage\",\"url\":\"https:\/\/olegario.uno\/wp-content\/uploads\/2026\/02\/ELDO.jpg\",\"contentUrl\":\"https:\/\/olegario.uno\/wp-content\/uploads\/2026\/02\/ELDO.jpg\",\"width\":640,\"height\":853},{\"@type\":\"BreadcrumbList\",\"@id\":\"https:\/\/olegario.uno\/index.php\/2026\/02\/02\/eldorado-se-realizo-la-audiencia-publica-por-la-actualizacion-del-boleto-del-transporte-urbano\/#breadcrumb\",\"itemListElement\":[{\"@type\":\"ListItem\",\"position\":1,\"name\":\"Inicio\",\"item\":\"https:\/\/olegario.uno\/\"},{\"@type\":\"ListItem\",\"position\":2,\"name\":\"Eldorado: se realiz\u00f3 la audiencia p\u00fablica por la actualizaci\u00f3n del boleto del transporte urbano\"}]},{\"@type\":\"WebSite\",\"@id\":\"https:\/\/olegario.uno\/#website\",\"url\":\"https:\/\/olegario.uno\/\",\"name\":\"Olegario .UNO - Red Misiones.uno\",\"description\":\"Noticias de Olegario V\u00edctor Andrade\",\"potentialAction\":[{\"@type\":\"SearchAction\",\"target\":{\"@type\":\"EntryPoint\",\"urlTemplate\":\"https:\/\/olegario.uno\/?s={search_term_string}\"},\"query-input\":{\"@type\":\"PropertyValueSpecification\",\"valueRequired\":true,\"valueName\":\"search_term_string\"}}],\"inLanguage\":\"es-AR\"},{\"@type\":\"Person\",\"@id\":\"https:\/\/olegario.uno\/#\/schema\/person\/7d80468eef6faf8ab664f300f7bd700c\",\"name\":\"admin\",\"image\":{\"@type\":\"ImageObject\",\"inLanguage\":\"es-AR\",\"@id\":\"https:\/\/olegario.uno\/#\/schema\/person\/image\/\",\"url\":\"https:\/\/secure.gravatar.com\/avatar\/988cc68d97727f2265e15e4e04f35d45d93f5493d81192c37b6fcdf6407dba8c?s=96&d=mm&r=g\",\"contentUrl\":\"https:\/\/secure.gravatar.com\/avatar\/988cc68d97727f2265e15e4e04f35d45d93f5493d81192c37b6fcdf6407dba8c?s=96&d=mm&r=g\",\"caption\":\"admin\"},\"sameAs\":[\"http:\/\/olegario.uno\"],\"url\":\"https:\/\/olegario.uno\/index.php\/author\/admin\/\"}]}<\/script>\n<!-- \/ Yoast SEO plugin. -->","yoast_head_json":{"title":"Eldorado: se realiz\u00f3 la audiencia p\u00fablica por la actualizaci\u00f3n del boleto del transporte urbano - Olegario .UNO - Red Misiones.uno","robots":{"index":"index","follow":"follow","max-snippet":"max-snippet:-1","max-image-preview":"max-image-preview:large","max-video-preview":"max-video-preview:-1"},"canonical":"https:\/\/olegario.uno\/index.php\/2026\/02\/02\/eldorado-se-realizo-la-audiencia-publica-por-la-actualizacion-del-boleto-del-transporte-urbano\/","og_locale":"es_ES","og_type":"article","og_title":"Eldorado: se realiz\u00f3 la audiencia p\u00fablica por la actualizaci\u00f3n del boleto del transporte urbano - Olegario .UNO - Red Misiones.uno","og_description":"AGENCIA MISIONES.UNO | El Concejo Deliberante de Eldorado llev\u00f3 adelante [...]","og_url":"https:\/\/olegario.uno\/index.php\/2026\/02\/02\/eldorado-se-realizo-la-audiencia-publica-por-la-actualizacion-del-boleto-del-transporte-urbano\/","og_site_name":"Olegario .UNO - Red Misiones.uno","article_published_time":"2026-02-02T13:37:57+00:00","author":"admin","twitter_card":"summary_large_image","twitter_misc":{"Escrito por":"admin","Tiempo de lectura":"2 minutos"},"schema":{"@context":"https:\/\/schema.org","@graph":[{"@type":"Article","@id":"https:\/\/olegario.uno\/index.php\/2026\/02\/02\/eldorado-se-realizo-la-audiencia-publica-por-la-actualizacion-del-boleto-del-transporte-urbano\/#article","isPartOf":{"@id":"https:\/\/olegario.uno\/index.php\/2026\/02\/02\/eldorado-se-realizo-la-audiencia-publica-por-la-actualizacion-del-boleto-del-transporte-urbano\/"},"author":{"name":"admin","@id":"https:\/\/olegario.uno\/#\/schema\/person\/7d80468eef6faf8ab664f300f7bd700c"},"headline":"Eldorado: se realiz\u00f3 la audiencia p\u00fablica por la actualizaci\u00f3n del boleto del transporte urbano","datePublished":"2026-02-02T13:37:57+00:00","mainEntityOfPage":{"@id":"https:\/\/olegario.uno\/index.php\/2026\/02\/02\/eldorado-se-realizo-la-audiencia-publica-por-la-actualizacion-del-boleto-del-transporte-urbano\/"},"wordCount":331,"image":{"@id":"https:\/\/olegario.uno\/index.php\/2026\/02\/02\/eldorado-se-realizo-la-audiencia-publica-por-la-actualizacion-del-boleto-del-transporte-urbano\/#primaryimage"},"thumbnailUrl":"https:\/\/olegario.uno\/wp-content\/uploads\/2026\/02\/ELDO.jpg","articleSection":["Eldorado","ELLEGISLATIVO.UNO","H. Concejos Deliberantes","MISIONES.UNO","Servicios P\u00fablicos"],"inLanguage":"es-AR"},{"@type":"WebPage","@id":"https:\/\/olegario.uno\/index.php\/2026\/02\/02\/eldorado-se-realizo-la-audiencia-publica-por-la-actualizacion-del-boleto-del-transporte-urbano\/","url":"https:\/\/olegario.uno\/index.php\/2026\/02\/02\/eldorado-se-realizo-la-audiencia-publica-por-la-actualizacion-del-boleto-del-transporte-urbano\/","name":"Eldorado: se realiz\u00f3 la audiencia p\u00fablica por la actualizaci\u00f3n del boleto del transporte urbano - Olegario .UNO - Red Misiones.uno","isPartOf":{"@id":"https:\/\/olegario.uno\/#website"},"primaryImageOfPage":{"@id":"https:\/\/olegario.uno\/index.php\/2026\/02\/02\/eldorado-se-realizo-la-audiencia-publica-por-la-actualizacion-del-boleto-del-transporte-urbano\/#primaryimage"},"image":{"@id":"https:\/\/olegario.uno\/index.php\/2026\/02\/02\/eldorado-se-realizo-la-audiencia-publica-por-la-actualizacion-del-boleto-del-transporte-urbano\/#primaryimage"},"thumbnailUrl":"https:\/\/olegario.uno\/wp-content\/uploads\/2026\/02\/ELDO.jpg","datePublished":"2026-02-02T13:37:57+00:00","author":{"@id":"https:\/\/olegario.uno\/#\/schema\/person\/7d80468eef6faf8ab664f300f7bd700c"},"breadcrumb":{"@id":"https:\/\/olegario.uno\/index.php\/2026\/02\/02\/eldorado-se-realizo-la-audiencia-publica-por-la-actualizacion-del-boleto-del-transporte-urbano\/#breadcrumb"},"inLanguage":"es-AR","potentialAction":[{"@type":"ReadAction","target":["https:\/\/olegario.uno\/index.php\/2026\/02\/02\/eldorado-se-realizo-la-audiencia-publica-por-la-actualizacion-del-boleto-del-transporte-urbano\/"]}]},{"@type":"ImageObject","inLanguage":"es-AR","@id":"https:\/\/olegario.uno\/index.php\/2026\/02\/02\/eldorado-se-realizo-la-audiencia-publica-por-la-actualizacion-del-boleto-del-transporte-urbano\/#primaryimage","url":"https:\/\/olegario.uno\/wp-content\/uploads\/2026\/02\/ELDO.jpg","contentUrl":"https:\/\/olegario.uno\/wp-content\/uploads\/2026\/02\/ELDO.jpg","width":640,"height":853},{"@type":"BreadcrumbList","@id":"https:\/\/olegario.uno\/index.php\/2026\/02\/02\/eldorado-se-realizo-la-audiencia-publica-por-la-actualizacion-del-boleto-del-transporte-urbano\/#breadcrumb","itemListElement":[{"@type":"ListItem","position":1,"name":"Inicio","item":"https:\/\/olegario.uno\/"},{"@type":"ListItem","position":2,"name":"Eldorado: se realiz\u00f3 la audiencia p\u00fablica por la actualizaci\u00f3n del boleto del transporte urbano"}]},{"@type":"WebSite","@id":"https:\/\/olegario.uno\/#website","url":"https:\/\/olegario.uno\/","name":"Olegario .UNO - Red Misiones.uno","description":"Noticias de Olegario V\u00edctor Andrade","potentialAction":[{"@type":"SearchAction","target":{"@type":"EntryPoint","urlTemplate":"https:\/\/olegario.uno\/?s={search_term_string}"},"query-input":{"@type":"PropertyValueSpecification","valueRequired":true,"valueName":"search_term_string"}}],"inLanguage":"es-AR"},{"@type":"Person","@id":"https:\/\/olegario.uno\/#\/schema\/person\/7d80468eef6faf8ab664f300f7bd700c","name":"admin","image":{"@type":"ImageObject","inLanguage":"es-AR","@id":"https:\/\/olegario.uno\/#\/schema\/person\/image\/","url":"https:\/\/secure.gravatar.com\/avatar\/988cc68d97727f2265e15e4e04f35d45d93f5493d81192c37b6fcdf6407dba8c?s=96&d=mm&r=g","contentUrl":"https:\/\/secure.gravatar.com\/avatar\/988cc68d97727f2265e15e4e04f35d45d93f5493d81192c37b6fcdf6407dba8c?s=96&d=mm&r=g","caption":"admin"},"sameAs":["http:\/\/olegario.uno"],"url":"https:\/\/olegario.uno\/index.php\/author\/admin\/"}]}},"_links":{"self":[{"href":"https:\/\/olegario.uno\/index.php\/wp-json\/wp\/v2\/posts\/511","targetHints":{"allow":["GET"]}}],"collection":[{"href":"https:\/\/olegario.uno\/index.php\/wp-json\/wp\/v2\/posts"}],"about":[{"href":"https:\/\/olegario.uno\/index.php\/wp-json\/wp\/v2\/types\/post"}],"author":[{"embeddable":true,"href":"https:\/\/olegario.uno\/index.php\/wp-json\/wp\/v2\/users\/1"}],"replies":[{"embeddable":true,"href":"https:\/\/olegario.uno\/index.php\/wp-json\/wp\/v2\/comments?post=511"}],"version-history":[{"count":0,"href":"https:\/\/olegario.uno\/index.php\/wp-json\/wp\/v2\/posts\/511\/revisions"}],"wp:featuredmedia":[{"embeddable":true,"href":"https:\/\/olegario.uno\/index.php\/wp-json\/wp\/v2\/media\/512"}],"wp:attachment":[{"href":"https:\/\/olegario.uno\/index.php\/wp-json\/wp\/v2\/media?parent=511"}],"wp:term":[{"taxonomy":"category","embeddable":true,"href":"https:\/\/olegario.uno\/index.php\/wp-json\/wp\/v2\/categories?post=511"},{"taxonomy":"post_tag","embeddable":true,"href":"https:\/\/olegario.uno\/index.php\/wp-json\/wp\/v2\/tags?post=511"}],"curies":[{"name":"wp","href":"https:\/\/api.w.org\/{rel}","templated":true}]}}